{"id":821,"date":"2020-02-23T13:58:43","date_gmt":"2020-02-23T13:58:43","guid":{"rendered":"http:\/\/ottmars-holzwerkstatt.de\/?p=821"},"modified":"2020-02-23T17:39:48","modified_gmt":"2020-02-23T17:39:48","slug":"osterbasteln-in-der-holzwerkstatt","status":"publish","type":"post","link":"https:\/\/ottmars-holzwerkstatt.de\/?p=821","title":{"rendered":"Osterbasteln in der Holzwerkstatt"},"content":{"rendered":"<p>&nbsp;<\/p>\n<p>OSTERBASTELN in der Holzwerkstatt! &#x1f430; &#x1f423;<\/p>\n<p>Gestern fand das Osterbasteln mit den Kindern aus Ulmet bei uns statt. Flei\u00dfig wurde gemalt und gewerkelt um auch in diesem Jahr wieder eine sch\u00f6ne Deko f\u00fcrs Dorf zu erstellen &#x1f430;<br \/>\nDie Hasenfamilie gibt einen kleinen Vorgeschmack aufs Ergebnis des gestrigen Tages.<br \/>\nSobald alles im Dorf aufgestellt wurde zeigen wir euch den Rest \u263a\ufe0f<br \/>\nLasst euch \u00fcberraschen&#8230;.. &#x1f430;<\/p>\n<p>&nbsp;<\/p>\n<p><img decoding=\"async\" loading=\"lazy\" class=\"alignnone size-full wp-image-818\" src=\"http:\/\/ottmars-holzwerkstatt.de\/wp-content\/uploads\/2020\/02\/6C650BD1-B57F-44FE-B63A-7D623AB9C324.jpeg\" alt=\"\" width=\"1600\" height=\"1200\" srcset=\"https:\/\/ottmars-holzwerkstatt.de\/wp-content\/uploads\/2020\/02\/6C650BD1-B57F-44FE-B63A-7D623AB9C324.jpeg 1600w, https:\/\/ottmars-holzwerkstatt.de\/wp-content\/uploads\/2020\/02\/6C650BD1-B57F-44FE-B63A-7D623AB9C324-300x225.jpeg 300w, https:\/\/ottmars-holzwerkstatt.de\/wp-content\/uploads\/2020\/02\/6C650BD1-B57F-44FE-B63A-7D623AB9C324-768x576.jpeg 768w, https:\/\/ottmars-holzwerkstatt.de\/wp-content\/uploads\/2020\/02\/6C650BD1-B57F-44FE-B63A-7D623AB9C324-1024x768.jpeg 1024w, https:\/\/ottmars-holzwerkstatt.de\/wp-content\/uploads\/2020\/02\/6C650BD1-B57F-44FE-B63A-7D623AB9C324-1000x750.jpeg 1000w, https:\/\/ottmars-holzwerkstatt.de\/wp-content\/uploads\/2020\/02\/6C650BD1-B57F-44FE-B63A-7D623AB9C324-400x300.jpeg 400w\" sizes=\"(max-width: 1600px) 100vw, 1600px\" \/><img decoding=\"async\" loading=\"lazy\" class=\"alignnone size-full wp-image-824\" src=\"http:\/\/ottmars-holzwerkstatt.de\/wp-content\/uploads\/2020\/02\/3F958141-5BB8-4CEC-8CE0-ADFF3DDE1329.jpeg\" alt=\"\" width=\"1600\" height=\"1200\" srcset=\"https:\/\/ottmars-holzwerkstatt.de\/wp-content\/uploads\/2020\/02\/3F958141-5BB8-4CEC-8CE0-ADFF3DDE1329.jpeg 1600w, https:\/\/ottmars-holzwerkstatt.de\/wp-content\/uploads\/2020\/02\/3F958141-5BB8-4CEC-8CE0-ADFF3DDE1329-300x225.jpeg 300w, https:\/\/ottmars-holzwerkstatt.de\/wp-content\/uploads\/2020\/02\/3F958141-5BB8-4CEC-8CE0-ADFF3DDE1329-768x576.jpeg 768w, https:\/\/ottmars-holzwerkstatt.de\/wp-content\/uploads\/2020\/02\/3F958141-5BB8-4CEC-8CE0-ADFF3DDE1329-1024x768.jpeg 1024w, https:\/\/ottmars-holzwerkstatt.de\/wp-content\/uploads\/2020\/02\/3F958141-5BB8-4CEC-8CE0-ADFF3DDE1329-1000x750.jpeg 1000w, https:\/\/ottmars-holzwerkstatt.de\/wp-content\/uploads\/2020\/02\/3F958141-5BB8-4CEC-8CE0-ADFF3DDE1329-400x300.jpeg 400w\" sizes=\"(max-width: 1600px) 100vw, 1600px\" \/><\/p>\n<p>&nbsp;<\/p>\n","protected":false},"excerpt":{"rendered":"<p>&nbsp; OSTERBASTELN in der Holzwerkstatt! &#x1f430; &#x1f423; Gestern fand das Osterbasteln mit den Kindern aus Ulmet bei uns statt. Flei\u00dfig wurde gemalt und gewerkelt um auch in diesem Jahr wieder eine sch\u00f6ne Deko f\u00fcrs Dorf zu erstellen &#x1f430; Die Hasenfamilie&#8230; <a class=\"more-link\" href=\"https:\/\/ottmars-holzwerkstatt.de\/?p=821\">Weiterlesen &rarr;<\/a><\/p>\n","protected":false},"author":2,"featured_media":0,"comment_status":"open","ping_status":"open","sticky":false,"template":"","format":"standard","meta":[],"categories":[1],"tags":[],"jetpack_featured_media_url":"","_links":{"self":[{"href":"https:\/\/ottmars-holzwerkstatt.de\/index.php?rest_route=\/wp\/v2\/posts\/821"}],"collection":[{"href":"https:\/\/ottmars-holzwerkstatt.de\/index.php?rest_route=\/wp\/v2\/posts"}],"about":[{"href":"https:\/\/ottmars-holzwerkstatt.de\/index.php?rest_route=\/wp\/v2\/types\/post"}],"author":[{"embeddable":true,"href":"https:\/\/ottmars-holzwerkstatt.de\/index.php?rest_route=\/wp\/v2\/users\/2"}],"replies":[{"embeddable":true,"href":"https:\/\/ottmars-holzwerkstatt.de\/index.php?rest_route=%2Fwp%2Fv2%2Fcomments&post=821"}],"version-history":[{"count":7,"href":"https:\/\/ottmars-holzwerkstatt.de\/index.php?rest_route=\/wp\/v2\/posts\/821\/revisions"}],"predecessor-version":[{"id":831,"href":"https:\/\/ottmars-holzwerkstatt.de\/index.php?rest_route=\/wp\/v2\/posts\/821\/revisions\/831"}],"wp:attachment":[{"href":"https:\/\/ottmars-holzwerkstatt.de\/index.php?rest_route=%2Fwp%2Fv2%2Fmedia&parent=821"}],"wp:term":[{"taxonomy":"category","embeddable":true,"href":"https:\/\/ottmars-holzwerkstatt.de\/index.php?rest_route=%2Fwp%2Fv2%2Fcategories&post=821"},{"taxonomy":"post_tag","embeddable":true,"href":"https:\/\/ottmars-holzwerkstatt.de\/index.php?rest_route=%2Fwp%2Fv2%2Ftags&post=821"}],"curies":[{"name":"wp","href":"https:\/\/api.w.org\/{rel}","templated":true}]}}