{"id":762,"date":"2018-09-09T16:53:46","date_gmt":"2018-09-09T16:53:46","guid":{"rendered":"http:\/\/ottmars-holzwerkstatt.de\/?p=762"},"modified":"2018-09-09T16:53:46","modified_gmt":"2018-09-09T16:53:46","slug":"neu-unsere-glueckswaechter","status":"publish","type":"post","link":"https:\/\/ottmars-holzwerkstatt.de\/?p=762","title":{"rendered":"NEU !!! Unsere Gl\u00fccksw\u00e4chter"},"content":{"rendered":"<p>NEU!!! Unsere tollen Gl\u00fccksw\u00e4chter!<\/p>\n<p>Die Gl\u00fccksw\u00e4chter sind inspiriert von der Form der Totempf\u00e4hle der Indianer in den nordwestlichen Regionen Nordamerikas. Sie erz\u00e4hlen Geschichten von Menschen und Familien und werden individuell f\u00fcr eine Person oder eine Familie hergestellt.<br \/>\nEin Gl\u00fccksw\u00e4chter soll Ihr zuhause besch\u00fctzen und Ihnen das Leben leichter machen. Er wacht \u00fcber ihre Lieben und ihr Heim und steht Ihnen im Alltag zur Seite.<\/p>\n<div class=\"text_exposed_show\">\n<p>Unsere Gl\u00fccksw\u00e4chter sind auch ein wunderbares Geschenk f\u00fcr Menschen,<br \/>\ndie Ihnen besonders wichtig sind.<\/p>\n<\/div>\n<p>&nbsp;<\/p>\n<p><em>Weitere Bilder von den verschiedenen Gl\u00fccksw\u00e4chtern finden Sie\u00a0in der &#8222;Galerie&#8220;\u00a0unter der Rubrik\u00a0&#8222;Holzdeko&#8220;<\/em><\/p>\n<p><img decoding=\"async\" loading=\"lazy\" class=\"alignnone size-full wp-image-758\" src=\"http:\/\/ottmars-holzwerkstatt.de\/wp-content\/uploads\/2018\/09\/IMG_9598.jpg\" alt=\"\" width=\"480\" height=\"640\" srcset=\"https:\/\/ottmars-holzwerkstatt.de\/wp-content\/uploads\/2018\/09\/IMG_9598.jpg 480w, https:\/\/ottmars-holzwerkstatt.de\/wp-content\/uploads\/2018\/09\/IMG_9598-225x300.jpg 225w\" sizes=\"(max-width: 480px) 100vw, 480px\" \/> <img decoding=\"async\" loading=\"lazy\" class=\"alignnone size-full wp-image-757\" src=\"http:\/\/ottmars-holzwerkstatt.de\/wp-content\/uploads\/2018\/09\/IMG_9599.jpg\" alt=\"\" width=\"480\" height=\"640\" srcset=\"https:\/\/ottmars-holzwerkstatt.de\/wp-content\/uploads\/2018\/09\/IMG_9599.jpg 480w, https:\/\/ottmars-holzwerkstatt.de\/wp-content\/uploads\/2018\/09\/IMG_9599-225x300.jpg 225w\" sizes=\"(max-width: 480px) 100vw, 480px\" \/><\/p>\n<p>&nbsp;<\/p>\n","protected":false},"excerpt":{"rendered":"<p>NEU!!! Unsere tollen Gl\u00fccksw\u00e4chter! Die Gl\u00fccksw\u00e4chter sind inspiriert von der Form der Totempf\u00e4hle der Indianer in den nordwestlichen Regionen Nordamerikas. Sie erz\u00e4hlen Geschichten von Menschen und Familien und werden individuell f\u00fcr eine Person oder eine Familie hergestellt. Ein Gl\u00fccksw\u00e4chter soll&#8230; <a class=\"more-link\" href=\"https:\/\/ottmars-holzwerkstatt.de\/?p=762\">Weiterlesen &rarr;<\/a><\/p>\n","protected":false},"author":2,"featured_media":0,"comment_status":"open","ping_status":"open","sticky":false,"template":"","format":"standard","meta":[],"categories":[1],"tags":[],"jetpack_featured_media_url":"","_links":{"self":[{"href":"https:\/\/ottmars-holzwerkstatt.de\/index.php?rest_route=\/wp\/v2\/posts\/762"}],"collection":[{"href":"https:\/\/ottmars-holzwerkstatt.de\/index.php?rest_route=\/wp\/v2\/posts"}],"about":[{"href":"https:\/\/ottmars-holzwerkstatt.de\/index.php?rest_route=\/wp\/v2\/types\/post"}],"author":[{"embeddable":true,"href":"https:\/\/ottmars-holzwerkstatt.de\/index.php?rest_route=\/wp\/v2\/users\/2"}],"replies":[{"embeddable":true,"href":"https:\/\/ottmars-holzwerkstatt.de\/index.php?rest_route=%2Fwp%2Fv2%2Fcomments&post=762"}],"version-history":[{"count":1,"href":"https:\/\/ottmars-holzwerkstatt.de\/index.php?rest_route=\/wp\/v2\/posts\/762\/revisions"}],"predecessor-version":[{"id":763,"href":"https:\/\/ottmars-holzwerkstatt.de\/index.php?rest_route=\/wp\/v2\/posts\/762\/revisions\/763"}],"wp:attachment":[{"href":"https:\/\/ottmars-holzwerkstatt.de\/index.php?rest_route=%2Fwp%2Fv2%2Fmedia&parent=762"}],"wp:term":[{"taxonomy":"category","embeddable":true,"href":"https:\/\/ottmars-holzwerkstatt.de\/index.php?rest_route=%2Fwp%2Fv2%2Fcategories&post=762"},{"taxonomy":"post_tag","embeddable":true,"href":"https:\/\/ottmars-holzwerkstatt.de\/index.php?rest_route=%2Fwp%2Fv2%2Ftags&post=762"}],"curies":[{"name":"wp","href":"https:\/\/api.w.org\/{rel}","templated":true}]}}