{"id":745,"date":"2018-05-31T13:54:56","date_gmt":"2018-05-31T13:54:56","guid":{"rendered":"http:\/\/ottmars-holzwerkstatt.de\/?p=745"},"modified":"2018-05-31T13:55:41","modified_gmt":"2018-05-31T13:55:41","slug":"sommerzeit","status":"publish","type":"post","link":"https:\/\/ottmars-holzwerkstatt.de\/?p=745","title":{"rendered":"Sommerzeit!"},"content":{"rendered":"<p>Aktuell ist in unserer Holzwerkstatt bei 25Grad Innentemperatur nicht all zu viel los.<\/p>\n<p>Stattdessen hat jedoch die Sommer-Saison in unserer Ferienwohnung begonnen.<\/p>\n<p>Wir w\u00fcnschen all unseren G\u00e4sten einen sch\u00f6nen Aufenthalt!<\/p>\n<p>Sonnige Gr\u00fc\u00dfe aus der Holzwerkstatt!<\/p>\n<p>&nbsp;<\/p>\n<p><img decoding=\"async\" loading=\"lazy\" class=\" wp-image-470 aligncenter\" src=\"http:\/\/ottmars-holzwerkstatt.de\/wp-content\/uploads\/2017\/07\/IMG_9257.jpg\" alt=\"\" width=\"466\" height=\"350\" srcset=\"https:\/\/ottmars-holzwerkstatt.de\/wp-content\/uploads\/2017\/07\/IMG_9257.jpg 1024w, https:\/\/ottmars-holzwerkstatt.de\/wp-content\/uploads\/2017\/07\/IMG_9257-300x225.jpg 300w, https:\/\/ottmars-holzwerkstatt.de\/wp-content\/uploads\/2017\/07\/IMG_9257-768x576.jpg 768w, https:\/\/ottmars-holzwerkstatt.de\/wp-content\/uploads\/2017\/07\/IMG_9257-1000x750.jpg 1000w, https:\/\/ottmars-holzwerkstatt.de\/wp-content\/uploads\/2017\/07\/IMG_9257-400x300.jpg 400w\" sizes=\"(max-width: 466px) 100vw, 466px\" \/><\/p>\n","protected":false},"excerpt":{"rendered":"<p>Aktuell ist in unserer Holzwerkstatt bei 25Grad Innentemperatur nicht all zu viel los. Stattdessen hat jedoch die Sommer-Saison in unserer Ferienwohnung begonnen. Wir w\u00fcnschen all unseren G\u00e4sten einen sch\u00f6nen Aufenthalt! Sonnige Gr\u00fc\u00dfe aus der Holzwerkstatt! &nbsp;<\/p>\n","protected":false},"author":2,"featured_media":0,"comment_status":"open","ping_status":"open","sticky":false,"template":"","format":"standard","meta":[],"categories":[1],"tags":[],"jetpack_featured_media_url":"","_links":{"self":[{"href":"https:\/\/ottmars-holzwerkstatt.de\/index.php?rest_route=\/wp\/v2\/posts\/745"}],"collection":[{"href":"https:\/\/ottmars-holzwerkstatt.de\/index.php?rest_route=\/wp\/v2\/posts"}],"about":[{"href":"https:\/\/ottmars-holzwerkstatt.de\/index.php?rest_route=\/wp\/v2\/types\/post"}],"author":[{"embeddable":true,"href":"https:\/\/ottmars-holzwerkstatt.de\/index.php?rest_route=\/wp\/v2\/users\/2"}],"replies":[{"embeddable":true,"href":"https:\/\/ottmars-holzwerkstatt.de\/index.php?rest_route=%2Fwp%2Fv2%2Fcomments&post=745"}],"version-history":[{"count":2,"href":"https:\/\/ottmars-holzwerkstatt.de\/index.php?rest_route=\/wp\/v2\/posts\/745\/revisions"}],"predecessor-version":[{"id":747,"href":"https:\/\/ottmars-holzwerkstatt.de\/index.php?rest_route=\/wp\/v2\/posts\/745\/revisions\/747"}],"wp:attachment":[{"href":"https:\/\/ottmars-holzwerkstatt.de\/index.php?rest_route=%2Fwp%2Fv2%2Fmedia&parent=745"}],"wp:term":[{"taxonomy":"category","embeddable":true,"href":"https:\/\/ottmars-holzwerkstatt.de\/index.php?rest_route=%2Fwp%2Fv2%2Fcategories&post=745"},{"taxonomy":"post_tag","embeddable":true,"href":"https:\/\/ottmars-holzwerkstatt.de\/index.php?rest_route=%2Fwp%2Fv2%2Ftags&post=745"}],"curies":[{"name":"wp","href":"https:\/\/api.w.org\/{rel}","templated":true}]}}